{"id":500,"date":"2022-08-19T22:22:30","date_gmt":"2022-08-19T19:22:30","guid":{"rendered":"https:\/\/het-imo.net\/fi\/?p=500"},"modified":"2022-08-19T23:07:11","modified_gmt":"2022-08-19T20:07:11","slug":"viisas-elama-viisauksia-jokaiselle-viikolle","status":"publish","type":"post","link":"https:\/\/het-imo.net\/fi\/viisas-elama-viisauksia-jokaiselle-viikolle\/","title":{"rendered":"Viisas el\u00e4m\u00e4- viisauksia jokaiselle viikolle"},"content":{"rendered":"<p>[et_pb_section fb_built=&#8221;1&#8243; _builder_version=&#8221;4.17.6&#8243; _module_preset=&#8221;default&#8221; global_colors_info=&#8221;{}&#8221;][et_pb_row _builder_version=&#8221;4.17.6&#8243; _module_preset=&#8221;default&#8221; min_height=&#8221;677px&#8221; custom_padding=&#8221;132px|||||&#8221; global_colors_info=&#8221;{}&#8221;][et_pb_column type=&#8221;4_4&#8243; _builder_version=&#8221;4.17.6&#8243; _module_preset=&#8221;default&#8221; global_colors_info=&#8221;{}&#8221;][et_pb_text _builder_version=&#8221;4.17.6&#8243; _module_preset=&#8221;default&#8221; custom_margin=&#8221;-194px|||||&#8221; custom_padding=&#8221;38px|||24px||&#8221; global_colors_info=&#8221;{}&#8221;]<\/p>\n<div class=\"page\" title=\"Page 2\">\n<div class=\"layoutArea\">\n<div class=\"column\">\n<p><span style=\"font-size: 16px;\">Arjen inspiraation voimavarana projekin tuloksena yhteisty\u00f6ss\u00e4 <strong>Signe &amp; Ane Gyllenbergin s\u00e4\u00e4ti\u00f6n<\/strong>\u00a0kanssa luotiin suomeksi <\/span><a href=\"https:\/\/het-imo.net\/fi\/wp-content\/uploads\/2022\/08\/Viikon_viisaudet_korj.-viim.pdf\" style=\"font-size: 16px;\">Viisas el\u00e4m\u00e4- viisauksia viikkokelanterissa<\/a><span style=\"font-size: 16px;\"> julkaisu <strong>Adriaan Bekma<\/strong><\/span><span style=\"font-size: 16px;\"><strong>nin<\/strong> kirjasta <a href=\"https:\/\/het-imo.net\/fi\/wp-content\/uploads\/2022\/08\/Small-Guide-to_a-Fulfilled-Life.pdf\">The Small Guide to a Fullfilled Life. \u00a0<\/a><\/span><\/p>\n<p><span style=\"font-size: 16px;\">Julkaisun kuvasta <strong>Anna-Kaisa Tirkkonen<\/strong> synnytti animaation.Projektin aineistoa voi vapaasti k\u00e4ytt\u00e4\u00e4 oppimisen johtamisen prosesseissa opintopiireiss\u00e4, tutkimis-ja oppimisryhmiss\u00e4. Hyvinvointia rakentavat oppimiskohtaamiset voi rytmitt\u00e4\u00e4 viikottaisiin dialogisessioihin ja t\u00e4m\u00e4n vuoksi animaation teksti on <\/span><a href=\"https:\/\/het-imo.net\/fi\/wp-content\/uploads\/2022\/08\/IMG_0205.mov\" style=\"font-size: 16px;\">Oppimisen johtaminen viisasten kiven\u00e4 &#8211; Leading Learning Design as a Stone of Wisdom.<\/a><span style=\"font-size: 16px;\"> Julkaisu mahdollistaa luovia oppimiskohtaamisia, tiloja, rytmej\u00e4, estetiikkaa ja oppivaa iloa ja intohimoa.<\/span><\/p>\n<p>Viisas el\u00e4m\u00e4- viisauksia jokaiselle viikolle on<span><\/span><span>\u00a0&#8216;sielunkalenteri&#8217; ja kuvaa, miten ihmissielu liittyy vuoden kulkuun. Viikot 1-7 keskittyv\u00e4t Toisen palvelemiseen, viikot 8-14 Itsen palvelemiseen, viikot 15-21 Oppimisen kautta kehittymiseen, viikot 22-28 Kysymysten kanssa el\u00e4miseen ja niiden ty\u00f6st\u00e4miseen, viikot 29-35 Hyv\u00e4n suhteen l\u00f6yt\u00e4miseen , viikot 36-42 Hyv\u00e4n suhteen yll\u00e4pit\u00e4miseen , viikot 43-49 Oman tien etsimiseenen ja l\u00f6yt\u00e4miseen: Ole totta itsellesi, viikot 50-52 Inhimillisten arvojen harjoittamiseen omassa el\u00e4m\u00e4ss\u00e4.<\/span><\/p>\n<p>Viikkokalenteri yll\u00e4pit\u00e4\u00e4 salutogeneettist\u00e4 viisautta, kokonaisvaltaista hyvinvointia sielullisuuden,sosiaalisuuden,henkisen,fyysisen ja ammatillisuuden laadullisuuksista. Ne lis\u00e4\u00e4v\u00e4t yhten\u00e4isyytt\u00e4, ymm\u00e4rett\u00e4vyytt\u00e4, hallittavuutta ja merkityksellisyyden tunnetta.<span><\/span><\/p>\n<p><span><\/span><\/p>\n<\/div>\n<\/div>\n<\/div>\n<p style=\"font-weight: 400;\">\n<p style=\"font-weight: 400;\">\n<p style=\"font-weight: 400;\">\n<p style=\"font-weight: 400;\">\n<p style=\"font-weight: 400;\">\n<p style=\"font-weight: 400;\">\n<p style=\"font-weight: 400;\">\n<p>[\/et_pb_text][\/et_pb_column][\/et_pb_row][\/et_pb_section]<\/p>\n","protected":false},"excerpt":{"rendered":"<p>Arjen inspiraation voimavarana projekin tuloksena yhteisty\u00f6ss\u00e4 Signe &amp; Ane Gyllenbergin s\u00e4\u00e4ti\u00f6n\u00a0kanssa luotiin suomeksi Viisas el\u00e4m\u00e4- viisauksia viikkokelanterissa julkaisu Adriaan Bekmanin kirjasta The Small Guide to a Fullfilled Life. \u00a0 Julkaisun kuvasta Anna-Kaisa Tirkkonen synnytti animaation.Projektin aineistoa voi vapaasti k\u00e4ytt\u00e4\u00e4 oppimisen johtamisen prosesseissa opintopiireiss\u00e4, tutkimis-ja oppimisryhmiss\u00e4. Hyvinvointia rakentavat oppimiskohtaamiset voi rytmitt\u00e4\u00e4 viikottaisiin dialogisessioihin ja t\u00e4m\u00e4n vuoksi [&hellip;]<\/p>\n","protected":false},"author":2,"featured_media":528,"comment_status":"open","ping_status":"closed","sticky":true,"template":"","format":"standard","meta":{"_et_pb_use_builder":"on","_et_pb_old_content":"","_et_gb_content_width":"","footnotes":""},"categories":[1],"tags":[],"class_list":["post-500","post","type-post","status-publish","format-standard","has-post-thumbnail","hentry","category-uncategorized"],"_links":{"self":[{"href":"https:\/\/het-imo.net\/fi\/wp-json\/wp\/v2\/posts\/500","targetHints":{"allow":["GET"]}}],"collection":[{"href":"https:\/\/het-imo.net\/fi\/wp-json\/wp\/v2\/posts"}],"about":[{"href":"https:\/\/het-imo.net\/fi\/wp-json\/wp\/v2\/types\/post"}],"author":[{"embeddable":true,"href":"https:\/\/het-imo.net\/fi\/wp-json\/wp\/v2\/users\/2"}],"replies":[{"embeddable":true,"href":"https:\/\/het-imo.net\/fi\/wp-json\/wp\/v2\/comments?post=500"}],"version-history":[{"count":22,"href":"https:\/\/het-imo.net\/fi\/wp-json\/wp\/v2\/posts\/500\/revisions"}],"predecessor-version":[{"id":543,"href":"https:\/\/het-imo.net\/fi\/wp-json\/wp\/v2\/posts\/500\/revisions\/543"}],"wp:featuredmedia":[{"embeddable":true,"href":"https:\/\/het-imo.net\/fi\/wp-json\/wp\/v2\/media\/528"}],"wp:attachment":[{"href":"https:\/\/het-imo.net\/fi\/wp-json\/wp\/v2\/media?parent=500"}],"wp:term":[{"taxonomy":"category","embeddable":true,"href":"https:\/\/het-imo.net\/fi\/wp-json\/wp\/v2\/categories?post=500"},{"taxonomy":"post_tag","embeddable":true,"href":"https:\/\/het-imo.net\/fi\/wp-json\/wp\/v2\/tags?post=500"}],"curies":[{"name":"wp","href":"https:\/\/api.w.org\/{rel}","templated":true}]}}