{"id":4975,"date":"2026-01-24T10:36:11","date_gmt":"2026-01-24T13:36:11","guid":{"rendered":"https:\/\/het-imo.net\/br\/?p=4975"},"modified":"2026-02-13T16:33:24","modified_gmt":"2026-02-13T19:33:24","slug":"os-4ls","status":"publish","type":"post","link":"https:\/\/het-imo.net\/br\/os-4ls\/","title":{"rendered":"Os 4L\u2019s: lean, learning, living e\u2026"},"content":{"rendered":"\t\t<div data-elementor-type=\"wp-post\" data-elementor-id=\"4975\" class=\"elementor elementor-4975\" data-elementor-post-type=\"post\">\n\t\t\t\t<div class=\"elementor-element elementor-element-4a2b58de e-flex e-con-boxed e-con e-parent\" data-id=\"4a2b58de\" data-element_type=\"container\" data-e-type=\"container\">\n\t\t\t\t\t<div class=\"e-con-inner\">\n\t\t\t\t<div class=\"elementor-element elementor-element-39c68e9 elementor-widget elementor-widget-heading\" data-id=\"39c68e9\" data-element_type=\"widget\" data-e-type=\"widget\" data-widget_type=\"heading.default\">\n\t\t\t\t<div class=\"elementor-widget-container\">\n\t\t\t\t\t<h1 class=\"elementor-heading-title elementor-size-default\">Os 4 L's<\/h1>\t\t\t\t<\/div>\n\t\t\t\t<\/div>\n\t\t\t\t<div class=\"elementor-element elementor-element-1d744ff elementor-widget elementor-widget-text-editor\" data-id=\"1d744ff\" data-element_type=\"widget\" data-e-type=\"widget\" data-widget_type=\"text-editor.default\">\n\t\t\t\t<div class=\"elementor-widget-container\">\n\t\t\t\t\t\t\t\t\t<p style=\"caret-color: #000000; color: #000000;\"><b><i>\u201cOrganiza\u00e7\u00f5es Enxutas (Lean), que Aprendem (Learning) e Longevas (Living) precisam de uma nova Lideran\u00e7a.\u201d<br \/><\/i><\/b>Adriaan Bekman in: Uma Vis\u00e3o sobre o Futuro da Lideran\u00e7a, 2015<\/p><p><b><i><img fetchpriority=\"high\" decoding=\"async\" class=\"aligncenter wp-image-4976 size-large\" src=\"https:\/\/het-imo.net\/br\/wp-content\/uploads\/IMG_5901-1024x576.jpeg\" alt=\"\" width=\"800\" height=\"450\" srcset=\"https:\/\/het-imo.net\/br\/wp-content\/uploads\/IMG_5901-1024x576.jpeg 1024w, https:\/\/het-imo.net\/br\/wp-content\/uploads\/IMG_5901-300x169.jpeg 300w, https:\/\/het-imo.net\/br\/wp-content\/uploads\/IMG_5901-768x432.jpeg 768w, https:\/\/het-imo.net\/br\/wp-content\/uploads\/IMG_5901.jpeg 1100w\" sizes=\"(max-width: 800px) 100vw, 800px\" \/><\/i><\/b><\/p><p style=\"caret-color: #000000; color: #000000;\"><strong>Introdu\u00e7\u00e3o<\/strong><\/p><p style=\"caret-color: #000000; color: #000000;\">Desde a Segunda Guerra Mundial, o conceito de gest\u00e3o transformou-se profundamente. Peter Drucker, um dos gigantes da teoria de gest\u00e3o, popularizou o termo \u201cgest\u00e3o\u201d em uma \u00e9poca em que as organiza\u00e7\u00f5es ainda eram predominantemente familiares e dirigidas por l\u00edderes carism\u00e1ticos e seus c\u00edrculos \u00edntimos de confian\u00e7a. Nas d\u00e9cadas seguintes, o campo da gest\u00e3o evoluiu enormemente, dando origem a v\u00e1rias teorias e modelos, incluindo os pioneiros Frederick Taylor e Henri Fayol. Entretanto, um conceito fundamental sobre o desenvolvimento organizacional que surgiu nos anos 60, introduzido por Bernard Lievegoed, ainda oferece uma perspectiva valiosa para o futuro da lideran\u00e7a: a ideia das fases de desenvolvimento das organiza\u00e7\u00f5es.<\/p><p style=\"caret-color: #000000; color: #000000;\"><strong>A Transi\u00e7\u00e3o das Organiza\u00e7\u00f5es<\/strong><\/p><p style=\"caret-color: #000000; color: #000000;\"><strong>Lievegoed\u00a0<\/strong>descreve tr\u00eas fases de desenvolvimento das organiza\u00e7\u00f5es: a fase pioneira, a fase de diferencia\u00e7\u00e3o e a fase de integra\u00e7\u00e3o.\u00a0<strong>Friedrich Glasl<\/strong>\u00a0admite ainda uma quarta fase: a associativa. Para maiores detalhes sobre esta 4a. fase consultar: The Enterprise of the Future \u2013 How Companies Develop, Hawthorn Press, 1994.<\/p><p style=\"caret-color: #000000; color: #000000;\">Na fase pioneira, a organiza\u00e7\u00e3o come\u00e7a com uma ideia inovadora e uma equipe pequena que colabora informalmente. \u00c0 medida que a organiza\u00e7\u00e3o cresce, ela enfrenta uma crise e se move para a fase de diferencia\u00e7\u00e3o, onde a estrutura se torna mais formalizada e especializada. Eventualmente, a organiza\u00e7\u00e3o pode enfrentar uma nova crise de desconex\u00e3o, o que leva \u00e0 fase de integra\u00e7\u00e3o, onde o foco retorna \u00e0 colabora\u00e7\u00e3o e ao envolvimento das pessoas.<\/p><p style=\"caret-color: #000000; color: #000000;\"><strong>Os Tr\u00eas Movimentos Organizacionais<\/strong><\/p><p style=\"caret-color: #000000; color: #000000;\">Atualmente, observamos tr\u00eas movimentos significativos em desenvolvimento organizacional: a organiza\u00e7\u00e3o enxuta (Lean), a organiza\u00e7\u00e3o que aprende (Learning) e a organiza\u00e7\u00e3o longeva (Living). Cada um desses conceitos reflete uma tentativa de responder \u00e0s crises enfrentadas pelas organiza\u00e7\u00f5es na fase de integra\u00e7\u00e3o.<\/p><p style=\"caret-color: #000000; color: #000000;\"><strong>1. Organiza\u00e7\u00e3o Enxuta (Lean):<\/strong>\u00a0Originada do trabalho de Womack e Jones, o conceito Lean enfatiza a efici\u00eancia ao eliminar desperd\u00edcios e otimizar processos. Exemplos como a Toyota exemplificam a aplica\u00e7\u00e3o bem-sucedida desses princ\u00edpios, embora a implementa\u00e7\u00e3o muitas vezes tenha sido superficial, sem verdadeiro envolvimento das pessoas na melhoria cont\u00ednua.<\/p><p style=\"caret-color: #000000; color: #000000;\"><strong>2. Organiza\u00e7\u00e3o que Aprende (Learning):<\/strong>\u00a0Inspirado pelo trabalho de Peter Senge e seu livro *A Quinta Disciplina*, este conceito valoriza a aprendizagem cont\u00ednua e a cria\u00e7\u00e3o de conhecimento compartilhado. O foco \u00e9 em processos de di\u00e1logo e reflex\u00e3o, mas a pr\u00e1tica tradicional muitas vezes falha em integrar o aprendizado no dia a dia das organiza\u00e7\u00f5es.<\/p><p style=\"caret-color: #000000; color: #000000;\"><strong>3. Organiza\u00e7\u00e3o Longeva (Living):<\/strong>\u00a0Introduzido por Arie de Geus, o conceito de organiza\u00e7\u00f5es longevas destaca a import\u00e2ncia de se adaptar e evoluir com o tempo, dialogando com as partes interessadas para encontrar novos caminhos e integrar novas gera\u00e7\u00f5es.<\/p><p style=\"caret-color: #000000; color: #000000;\"><strong>A Necessidade de uma Nova Lideran\u00e7a<\/strong><\/p><p style=\"caret-color: #000000; color: #000000;\">Embora os conceitos de Lean, Learning e Living ofere\u00e7am estrat\u00e9gias valiosas, muitos deles ainda s\u00e3o implementados atrav\u00e9s de modelos tradicionais de gest\u00e3o hier\u00e1rquica. Isso limita seu potencial inovador. \u00c9 essencial uma nova abordagem \u00e0 lideran\u00e7a que possa unir esses conceitos de forma eficaz.<\/p><p style=\"caret-color: #000000; color: #000000;\"><strong>A Velha e a Nova Lideran\u00e7a<\/strong><\/p><p style=\"caret-color: #000000; color: #000000;\"><strong>Princ\u00edpios para uma Lideran\u00e7a Horizontal<\/strong><\/p><p style=\"caret-color: #000000; color: #000000;\">Para integrar efetivamente Lean, Learning e Living, propomos cinco mudan\u00e7as fundamentais na pr\u00e1tica de lideran\u00e7a:<\/p><p style=\"caret-color: #000000; color: #000000;\"><strong>1. Separar Gest\u00e3o de Lideran\u00e7a:<\/strong>\u00a0Os gestores devem se concentrar na organiza\u00e7\u00e3o e recursos, enquanto a lideran\u00e7a deve envolver todos na cria\u00e7\u00e3o de sentido e na colabora\u00e7\u00e3o.<\/p><p style=\"caret-color: #000000; color: #000000;\"><strong>2. Reavaliar Educa\u00e7\u00e3o e Recompensa:<\/strong>\u00a0A conex\u00e3o autom\u00e1tica entre n\u00edveis de educa\u00e7\u00e3o e remunera\u00e7\u00e3o deve ser reconsiderada para valorizar adequadamente a complexidade dos trabalhos.<\/p><p style=\"caret-color: #000000; color: #000000;\"><strong>3. Abandonar Hierarquias para Mudan\u00e7as:<\/strong>\u00a0Mudan\u00e7as organizacionais devem ser baseadas em processos reflexivos e colaborativos, n\u00e3o apenas em mudan\u00e7as top-down.<\/p><p style=\"caret-color: #000000; color: #000000;\"><strong>4. Flexibilidade na Rela\u00e7\u00e3o Empregador-Empregado:<\/strong>\u00a0A distin\u00e7\u00e3o entre empregador e empregado deve evoluir para refletir uma abordagem mais empreendedora e colaborativa.<\/p><p style=\"caret-color: #000000; color: #000000;\"><strong>5. Conscientiza\u00e7\u00e3o Moral:<\/strong>\u00a0As organiza\u00e7\u00f5es devem adotar uma vis\u00e3o \u00e9tica mais profunda, considerando o impacto de suas a\u00e7\u00f5es no meio ambiente e na sociedade.<\/p><p style=\"caret-color: #000000; color: #000000;\"><strong>Conclus\u00e3o<\/strong><\/p><p style=\"caret-color: #000000; color: #000000;\">Para que as organiza\u00e7\u00f5es se tornem verdadeiramente enxutas, que aprendem e longevas, uma nova abordagem de lideran\u00e7a \u00e9 essencial. Esta lideran\u00e7a deve ser mais horizontal, promovendo o di\u00e1logo, a colabora\u00e7\u00e3o e a cria\u00e7\u00e3o de sentido. Somente assim ser\u00e1 poss\u00edvel enfrentar os desafios contempor\u00e2neos e alcan\u00e7ar uma organiza\u00e7\u00e3o mais eficiente e adapt\u00e1vel, que n\u00e3o s\u00f3 sobrevive, mas prospera em um mundo em constante mudan\u00e7a. A transforma\u00e7\u00e3o para uma lideran\u00e7a mais inclusiva e orientada para a comunidade pode liberar novas energias e possibilitar uma vida organizacional mais significativa e sustent\u00e1vel.<\/p>\t\t\t\t\t\t\t\t<\/div>\n\t\t\t\t<\/div>\n\t\t\t\t<div class=\"elementor-element elementor-element-77298f79 elementor-widget elementor-widget-text-editor\" data-id=\"77298f79\" data-element_type=\"widget\" data-e-type=\"widget\" data-widget_type=\"text-editor.default\">\n\t\t\t\t<div class=\"elementor-widget-container\">\n\t\t\t\t\t\t\t\t\t\u201cOrganiza\u00e7\u00f5es Enxutas (<em>Lean<\/em>), que Aprendem (<em>Learning<\/em>) e Longevas (<em>Living<\/em>) precisam de uma nova Lideran\u00e7a.\u201d\r\nAdriaan Bekman in: Uma Vis\u00e3o sobre o Futuro da Lideran\u00e7a, 2015\r\n\r\n<strong>Introdu\u00e7\u00e3o<\/strong>\r\n\r\nDesde a Segunda Guerra Mundial, o conceito de gest\u00e3o transformou-se profundamente. Peter Drucker, um dos gigantes da teoria de gest\u00e3o, popularizou o termo \u201cgest\u00e3o\u201d em uma \u00e9poca em que as organiza\u00e7\u00f5es ainda eram predominantemente familiares e dirigidas por l\u00edderes carism\u00e1ticos e seus c\u00edrculos \u00edntimos de confian\u00e7a. Nas d\u00e9cadas seguintes, o campo da gest\u00e3o evoluiu enormemente, dando origem a v\u00e1rias teorias e modelos, incluindo os pioneiros Frederick Taylor e Henri Fayol. Entretanto, um conceito fundamental sobre o desenvolvimento organizacional que surgiu nos anos 60, introduzido por Bernard Lievegoed, ainda oferece uma perspectiva valiosa para o futuro da lideran\u00e7a: a ideia das fases de desenvolvimento das organiza\u00e7\u00f5es.\r\n\r\n<strong>A Transi\u00e7\u00e3o das Organiza\u00e7\u00f5es<\/strong>\r\n\r\n<strong>Lievegoed <\/strong>descreve tr\u00eas fases de desenvolvimento das organiza\u00e7\u00f5es: a fase pioneira, a fase de diferencia\u00e7\u00e3o e a fase de integra\u00e7\u00e3o. <strong>Friedrich Glasl<\/strong> admite ainda uma quarta fase: a associativa. Para maiores detalhes sobre esta 4a. fase consultar: The Enterprise of the Future \u2013 How Companies Develop, Hawthorn Press, 1994.\r\n\r\nNa fase pioneira, a organiza\u00e7\u00e3o come\u00e7a com uma ideia inovadora e uma equipe pequena que colabora informalmente. \u00c0 medida que a organiza\u00e7\u00e3o cresce, ela enfrenta uma crise e se move para a fase de diferencia\u00e7\u00e3o, onde a estrutura se torna mais formalizada e especializada. Eventualmente, a organiza\u00e7\u00e3o pode enfrentar uma nova crise de desconex\u00e3o, o que leva \u00e0 fase de integra\u00e7\u00e3o, onde o foco retorna \u00e0 colabora\u00e7\u00e3o e ao envolvimento das pessoas.\r\n\r\n<strong>Os Tr\u00eas Movimentos Organizacionais<\/strong>\r\n\r\nAtualmente, observamos tr\u00eas movimentos significativos em desenvolvimento organizacional: a organiza\u00e7\u00e3o enxuta (Lean), a organiza\u00e7\u00e3o que aprende (Learning) e a organiza\u00e7\u00e3o longeva (Living). Cada um desses conceitos reflete uma tentativa de responder \u00e0s crises enfrentadas pelas organiza\u00e7\u00f5es na fase de integra\u00e7\u00e3o.\r\n\r\n<strong>1. Organiza\u00e7\u00e3o Enxuta (Lean):<\/strong> Originada do trabalho de Womack e Jones, o conceito Lean enfatiza a efici\u00eancia ao eliminar desperd\u00edcios e otimizar processos. Exemplos como a Toyota exemplificam a aplica\u00e7\u00e3o bem-sucedida desses princ\u00edpios, embora a implementa\u00e7\u00e3o muitas vezes tenha sido superficial, sem verdadeiro envolvimento das pessoas na melhoria cont\u00ednua.\r\n\r\n<strong>2. Organiza\u00e7\u00e3o que Aprende (Learning):<\/strong> Inspirado pelo trabalho de Peter Senge e seu livro *A Quinta Disciplina*, este conceito valoriza a aprendizagem cont\u00ednua e a cria\u00e7\u00e3o de conhecimento compartilhado. O foco \u00e9 em processos de di\u00e1logo e reflex\u00e3o, mas a pr\u00e1tica tradicional muitas vezes falha em integrar o aprendizado no dia a dia das organiza\u00e7\u00f5es.\r\n\r\n<strong>3. Organiza\u00e7\u00e3o Longeva (Living):<\/strong> Introduzido por Arie de Geus, o conceito de organiza\u00e7\u00f5es longevas destaca a import\u00e2ncia de se adaptar e evoluir com o tempo, dialogando com as partes interessadas para encontrar novos caminhos e integrar novas gera\u00e7\u00f5es.\r\n\r\n<strong>A Necessidade de uma Nova Lideran\u00e7a<\/strong>\r\n\r\nEmbora os conceitos de Lean, Learning e Living ofere\u00e7am estrat\u00e9gias valiosas, muitos deles ainda s\u00e3o implementados atrav\u00e9s de modelos tradicionais de gest\u00e3o hier\u00e1rquica. Isso limita seu potencial inovador. \u00c9 essencial uma nova abordagem \u00e0 lideran\u00e7a que possa unir esses conceitos de forma eficaz.\r\n\r\n<strong>A Velha e a Nova Lideran\u00e7a<\/strong>\r\n\r\n<strong>Princ\u00edpios para uma Lideran\u00e7a Horizontal<\/strong>\r\n\r\nPara integrar efetivamente Lean, Learning e Living, propomos cinco mudan\u00e7as fundamentais na pr\u00e1tica de lideran\u00e7a:\r\n\r\n<strong>1. Separar Gest\u00e3o de Lideran\u00e7a:<\/strong> Os gestores devem se concentrar na organiza\u00e7\u00e3o e recursos, enquanto a lideran\u00e7a deve envolver todos na cria\u00e7\u00e3o de sentido e na colabora\u00e7\u00e3o.\r\n\r\n<strong>2. Reavaliar Educa\u00e7\u00e3o e Recompensa:<\/strong> A conex\u00e3o autom\u00e1tica entre n\u00edveis de educa\u00e7\u00e3o e remunera\u00e7\u00e3o deve ser reconsiderada para valorizar adequadamente a complexidade dos trabalhos.\r\n\r\n<strong>3. Abandonar Hierarquias para Mudan\u00e7as:<\/strong> Mudan\u00e7as organizacionais devem ser baseadas em processos reflexivos e colaborativos, n\u00e3o apenas em mudan\u00e7as top-down.\r\n\r\n<strong>4. Flexibilidade na Rela\u00e7\u00e3o Empregador-Empregado:<\/strong> A distin\u00e7\u00e3o entre empregador e empregado deve evoluir para refletir uma abordagem mais empreendedora e colaborativa.\r\n\r\n<strong>5. Conscientiza\u00e7\u00e3o Moral:<\/strong> As organiza\u00e7\u00f5es devem adotar uma vis\u00e3o \u00e9tica mais profunda, considerando o impacto de suas a\u00e7\u00f5es no meio ambiente e na sociedade.\r\n\r\n<strong>Conclus\u00e3o<\/strong>\r\n\r\nPara que as organiza\u00e7\u00f5es se tornem verdadeiramente enxutas, que aprendem e longevas, uma nova abordagem de lideran\u00e7a \u00e9 essencial. Esta lideran\u00e7a deve ser mais horizontal, promovendo o di\u00e1logo, a colabora\u00e7\u00e3o e a cria\u00e7\u00e3o de sentido. Somente assim ser\u00e1 poss\u00edvel enfrentar os desafios contempor\u00e2neos e alcan\u00e7ar uma organiza\u00e7\u00e3o mais eficiente e adapt\u00e1vel, que n\u00e3o s\u00f3 sobrevive, mas prospera em um mundo em constante mudan\u00e7a. A transforma\u00e7\u00e3o para uma lideran\u00e7a mais inclusiva e orientada para a comunidade pode liberar novas energias e possibilitar uma vida organizacional mais significativa e sustent\u00e1vel.\t\t\t\t\t\t\t\t<\/div>\n\t\t\t\t<\/div>\n\t\t\t\t\t<\/div>\n\t\t\t\t<\/div>\n\t\t\t\t<\/div>\n\t\t","protected":false},"excerpt":{"rendered":"<p>Os 4 L&#8217;s \u201cOrganiza\u00e7\u00f5es Enxutas (Lean), que Aprendem (Learning) e Longevas (Living) precisam de uma nova Lideran\u00e7a.\u201dAdriaan Bekman in: Uma Vis\u00e3o sobre o Futuro da Lideran\u00e7a, 2015 Introdu\u00e7\u00e3o Desde a Segunda Guerra Mundial, o conceito de gest\u00e3o transformou-se profundamente. Peter Drucker, um dos gigantes da teoria de gest\u00e3o, popularizou o termo \u201cgest\u00e3o\u201d em uma \u00e9poca [&hellip;]<\/p>\n","protected":false},"author":7,"featured_media":4976,"comment_status":"closed","ping_status":"open","sticky":false,"template":"","format":"standard","meta":{"footnotes":""},"categories":[32],"tags":[],"hf_cat_post":[35],"class_list":["post-4975","post","type-post","status-publish","format-standard","has-post-thumbnail","hentry","category-articoli"],"_links":{"self":[{"href":"https:\/\/het-imo.net\/br\/wp-json\/wp\/v2\/posts\/4975","targetHints":{"allow":["GET"]}}],"collection":[{"href":"https:\/\/het-imo.net\/br\/wp-json\/wp\/v2\/posts"}],"about":[{"href":"https:\/\/het-imo.net\/br\/wp-json\/wp\/v2\/types\/post"}],"author":[{"embeddable":true,"href":"https:\/\/het-imo.net\/br\/wp-json\/wp\/v2\/users\/7"}],"replies":[{"embeddable":true,"href":"https:\/\/het-imo.net\/br\/wp-json\/wp\/v2\/comments?post=4975"}],"version-history":[{"count":14,"href":"https:\/\/het-imo.net\/br\/wp-json\/wp\/v2\/posts\/4975\/revisions"}],"predecessor-version":[{"id":5036,"href":"https:\/\/het-imo.net\/br\/wp-json\/wp\/v2\/posts\/4975\/revisions\/5036"}],"wp:featuredmedia":[{"embeddable":true,"href":"https:\/\/het-imo.net\/br\/wp-json\/wp\/v2\/media\/4976"}],"wp:attachment":[{"href":"https:\/\/het-imo.net\/br\/wp-json\/wp\/v2\/media?parent=4975"}],"wp:term":[{"taxonomy":"category","embeddable":true,"href":"https:\/\/het-imo.net\/br\/wp-json\/wp\/v2\/categories?post=4975"},{"taxonomy":"post_tag","embeddable":true,"href":"https:\/\/het-imo.net\/br\/wp-json\/wp\/v2\/tags?post=4975"},{"taxonomy":"hf_cat_post","embeddable":true,"href":"https:\/\/het-imo.net\/br\/wp-json\/wp\/v2\/hf_cat_post?post=4975"}],"curies":[{"name":"wp","href":"https:\/\/api.w.org\/{rel}","templated":true}]}}